{"id":3319,"date":"2023-11-10T07:21:21","date_gmt":"2023-11-10T07:21:21","guid":{"rendered":"https:\/\/espaisjoves.com\/?p=3319"},"modified":"2023-11-10T07:21:25","modified_gmt":"2023-11-10T07:21:25","slug":"ja-disponible-la-colleccio-creative-journey-de-kave-home","status":"publish","type":"post","link":"https:\/\/espaisjoves.com\/index.php\/2023\/11\/10\/ja-disponible-la-colleccio-creative-journey-de-kave-home\/","title":{"rendered":"Ja disponible la col\u00b7lecci\u00f3 Creative Journey de Kave Home."},"content":{"rendered":"<p>[et_pb_section fb_built=&#8221;1&#8243; _builder_version=&#8221;4.16&#8243; global_colors_info=&#8221;{}&#8221;][et_pb_row column_structure=&#8221;1_2,1_2&#8243; _builder_version=&#8221;4.16&#8243; background_size=&#8221;initial&#8221; background_position=&#8221;top_left&#8221; background_repeat=&#8221;repeat&#8221; global_colors_info=&#8221;{}&#8221;][et_pb_column type=&#8221;1_2&#8243; _builder_version=&#8221;4.16&#8243; custom_padding=&#8221;|||&#8221; global_colors_info=&#8221;{}&#8221; custom_padding__hover=&#8221;|||&#8221;][et_pb_text _builder_version=&#8221;4.22.2&#8243; custom_padding=&#8221;||0px|||&#8221; global_colors_info=&#8221;{}&#8221;]<\/p>\n<p>Disponible a espais joves la nova col\u00b7lecci\u00f3 de mobiliari per la teva llar de Kave Home.<br \/>Una col\u00b7lecci\u00f3 que troba la inspiraci\u00f3 en la funcionalitat, l&#8217;art i l&#8217;estil urb\u00e0.<\/p>\n<p>[\/et_pb_text][et_pb_image src=&#8221;https:\/\/espaisjoves.com\/wp-content\/uploads\/2023\/11\/IMG_20231026_125107244_HDR-scaled.jpg&#8221; alt=&#8221;Kave Home taula Burano&#8221; title_text=&#8221;IMG_20231026_125107244_HDR&#8221; align_tablet=&#8221;center&#8221; align_phone=&#8221;center&#8221; align_last_edited=&#8221;on|desktop&#8221; _builder_version=&#8221;4.22.2&#8243; min_height=&#8221;240.9px&#8221; animation_style=&#8221;slide&#8221; animation_direction=&#8221;left&#8221; animation_duration=&#8221;500ms&#8221; animation_intensity_slide=&#8221;10%&#8221; global_colors_info=&#8221;{}&#8221;][\/et_pb_image][\/et_pb_column][et_pb_column type=&#8221;1_2&#8243; _builder_version=&#8221;4.16&#8243; custom_padding=&#8221;|||&#8221; global_colors_info=&#8221;{}&#8221; custom_padding__hover=&#8221;|||&#8221;][et_pb_image src=&#8221;https:\/\/espaisjoves.com\/wp-content\/uploads\/2023\/11\/Imagen-de-WhatsApp-2023-11-09-a-las-19.43.42_e405bf54.jpg&#8221; alt=&#8221;Kave Home Sof\u00e0 Neom&#8221; title_text=&#8221;sof\u00e0 Compo&#8221; align_tablet=&#8221;center&#8221; align_phone=&#8221;center&#8221; align_last_edited=&#8221;on|desktop&#8221; _builder_version=&#8221;4.22.2&#8243; animation_style=&#8221;slide&#8221; animation_direction=&#8221;left&#8221; animation_duration=&#8221;500ms&#8221; animation_intensity_slide=&#8221;10%&#8221; global_colors_info=&#8221;{}&#8221;][\/et_pb_image][et_pb_text _builder_version=&#8221;4.22.2&#8243; background_color=&#8221;#dbdbdb&#8221; global_colors_info=&#8221;{}&#8221;]<\/p>\n<p>Vols provar el sof\u00e0 modular Compo de Kave Home? El tenim i el podr\u00e0s provar. T<span>amb\u00e9 formen part de la col\u00b7lecci\u00f3 la taula extensible i les cadires.\u00a0<\/span><\/p>\n<p>[\/et_pb_text][\/et_pb_column][\/et_pb_row][et_pb_row column_structure=&#8221;1_2,1_2&#8243; _builder_version=&#8221;4.16&#8243; background_size=&#8221;initial&#8221; background_position=&#8221;top_left&#8221; background_repeat=&#8221;repeat&#8221; global_colors_info=&#8221;{}&#8221;][et_pb_column type=&#8221;1_2&#8243; _builder_version=&#8221;4.16&#8243; custom_padding=&#8221;|||&#8221; global_colors_info=&#8221;{}&#8221; custom_padding__hover=&#8221;|||&#8221;][\/et_pb_column][et_pb_column type=&#8221;1_2&#8243; _builder_version=&#8221;4.16&#8243; custom_padding=&#8221;|||&#8221; global_colors_info=&#8221;{}&#8221; custom_padding__hover=&#8221;|||&#8221;][\/et_pb_column][\/et_pb_row][\/et_pb_section]<\/p>\n","protected":false},"excerpt":{"rendered":"<p>Disponible a espais joves la nova col\u00b7lecci\u00f3 de mobiliari per la teva llar de Kave Home.Una col\u00b7lecci\u00f3 que troba la inspiraci\u00f3 en la funcionalitat, l&#8217;art i l&#8217;estil urb\u00e0.Vols provar el sof\u00e0 modular Compo de Kave Home? El tenim i el podr\u00e0s provar. Tamb\u00e9 formen part de la col\u00b7lecci\u00f3 la taula extensible i les cadires.\u00a0<\/p>\n","protected":false},"author":2,"featured_media":3322,"comment_status":"open","ping_status":"closed","sticky":false,"template":"","format":"standard","meta":{"_et_pb_use_builder":"on","_et_pb_old_content":"","_et_gb_content_width":"","footnotes":""},"categories":[3,9,110,112,2],"tags":[],"class_list":["post-3319","post","type-post","status-publish","format-standard","has-post-thumbnail","hentry","category-decoracio","category-general-ca","category-kave-home","category-kave-home-igualada","category-mobiliari"],"_links":{"self":[{"href":"https:\/\/espaisjoves.com\/index.php\/wp-json\/wp\/v2\/posts\/3319","targetHints":{"allow":["GET"]}}],"collection":[{"href":"https:\/\/espaisjoves.com\/index.php\/wp-json\/wp\/v2\/posts"}],"about":[{"href":"https:\/\/espaisjoves.com\/index.php\/wp-json\/wp\/v2\/types\/post"}],"author":[{"embeddable":true,"href":"https:\/\/espaisjoves.com\/index.php\/wp-json\/wp\/v2\/users\/2"}],"replies":[{"embeddable":true,"href":"https:\/\/espaisjoves.com\/index.php\/wp-json\/wp\/v2\/comments?post=3319"}],"version-history":[{"count":12,"href":"https:\/\/espaisjoves.com\/index.php\/wp-json\/wp\/v2\/posts\/3319\/revisions"}],"predecessor-version":[{"id":3346,"href":"https:\/\/espaisjoves.com\/index.php\/wp-json\/wp\/v2\/posts\/3319\/revisions\/3346"}],"wp:featuredmedia":[{"embeddable":true,"href":"https:\/\/espaisjoves.com\/index.php\/wp-json\/wp\/v2\/media\/3322"}],"wp:attachment":[{"href":"https:\/\/espaisjoves.com\/index.php\/wp-json\/wp\/v2\/media?parent=3319"}],"wp:term":[{"taxonomy":"category","embeddable":true,"href":"https:\/\/espaisjoves.com\/index.php\/wp-json\/wp\/v2\/categories?post=3319"},{"taxonomy":"post_tag","embeddable":true,"href":"https:\/\/espaisjoves.com\/index.php\/wp-json\/wp\/v2\/tags?post=3319"}],"curies":[{"name":"wp","href":"https:\/\/api.w.org\/{rel}","templated":true}]}}