{"id":3257,"date":"2023-09-28T10:04:18","date_gmt":"2023-09-28T10:04:18","guid":{"rendered":"https:\/\/espaisjoves.com\/?p=3257"},"modified":"2023-09-28T10:04:22","modified_gmt":"2023-09-28T10:04:22","slug":"armaris-i-vestidors-a-mida","status":"publish","type":"post","link":"https:\/\/espaisjoves.com\/index.php\/2023\/09\/28\/armaris-i-vestidors-a-mida\/","title":{"rendered":"Armaris i vestidors a mida"},"content":{"rendered":"<p>[et_pb_section fb_built=&#8221;1&#8243; _builder_version=&#8221;4.16&#8243; global_colors_info=&#8221;{}&#8221;][et_pb_row column_structure=&#8221;1_2,1_2&#8243; _builder_version=&#8221;4.16&#8243; background_size=&#8221;initial&#8221; background_position=&#8221;top_left&#8221; background_repeat=&#8221;repeat&#8221; global_colors_info=&#8221;{}&#8221;][et_pb_column type=&#8221;1_2&#8243; _builder_version=&#8221;4.16&#8243; custom_padding=&#8221;|||&#8221; global_colors_info=&#8221;{}&#8221; custom_padding__hover=&#8221;|||&#8221;][et_pb_text _builder_version=&#8221;4.16&#8243; global_colors_info=&#8221;{}&#8221;]<\/p>\n<p>Tenim una \u00e0mplia gamma d&#8217;accessoris per personalitzar el vostre vestidor. Entre les opcions disponibles es troben els casellers, amb diversos models disponibles, els quals ofereixen diverses alternatives per guardar objectes petits de manera ordenada i accessible, tamb\u00e9 disposem de diferents acabats.<\/p>\n<p>&nbsp;<\/p>\n<p>[\/et_pb_text][et_pb_image src=&#8221;https:\/\/espaisjoves.com\/wp-content\/uploads\/2023\/09\/TEMPO-03-WEB.jpg&#8221; alt=&#8221;Kave Home taula Burano&#8221; title_text=&#8221;TEMPO 03-WEB&#8221; align_tablet=&#8221;center&#8221; align_phone=&#8221;center&#8221; align_last_edited=&#8221;on|desktop&#8221; _builder_version=&#8221;4.20.4&#8243; animation_style=&#8221;slide&#8221; animation_direction=&#8221;left&#8221; animation_duration=&#8221;500ms&#8221; animation_intensity_slide=&#8221;10%&#8221; global_colors_info=&#8221;{}&#8221;][\/et_pb_image][\/et_pb_column][et_pb_column type=&#8221;1_2&#8243; _builder_version=&#8221;4.16&#8243; custom_padding=&#8221;|||&#8221; global_colors_info=&#8221;{}&#8221; custom_padding__hover=&#8221;|||&#8221;][et_pb_image src=&#8221;https:\/\/espaisjoves.com\/wp-content\/uploads\/2023\/09\/TEMPO-02-BAIXA.jpg&#8221; alt=&#8221;Kave Home Sof\u00e0 Neom&#8221; title_text=&#8221;TEMPO 02-BAIXA&#8221; align_tablet=&#8221;center&#8221; align_phone=&#8221;center&#8221; align_last_edited=&#8221;on|desktop&#8221; _builder_version=&#8221;4.20.4&#8243; animation_style=&#8221;slide&#8221; animation_direction=&#8221;left&#8221; animation_duration=&#8221;500ms&#8221; animation_intensity_slide=&#8221;10%&#8221; global_colors_info=&#8221;{}&#8221;][\/et_pb_image][et_pb_text _builder_version=&#8221;4.16&#8243; background_color=&#8221;#dbdbdb&#8221; global_colors_info=&#8221;{}&#8221;]<\/p>\n<p>El sistema de rails ocults permet una personalitzaci\u00f3 gaireb\u00e9 infinita del vestidor, amb una \u00e0mplia gamma d&#8217;elements disponibles com prestatges, m\u00f2duls de calaixos, pantaloners, sabaters entre d&#8217;altres i tot combinable al teu gust.<\/p>\n<p>&nbsp;<\/p>\n<p>[\/et_pb_text][\/et_pb_column][\/et_pb_row][\/et_pb_section]<\/p>\n","protected":false},"excerpt":{"rendered":"<p>Tenim una \u00e0mplia gamma d&#8217;accessoris per personalitzar el vostre vestidor. Entre les opcions disponibles es troben els casellers, amb diversos models disponibles, els quals ofereixen diverses alternatives per guardar objectes petits de manera ordenada i accessible, tamb\u00e9 disposem de diferents acabats. &nbsp;El sistema de rails ocults permet una personalitzaci\u00f3 gaireb\u00e9 infinita del vestidor, amb una [&hellip;]<\/p>\n","protected":false},"author":2,"featured_media":3265,"comment_status":"open","ping_status":"closed","sticky":false,"template":"","format":"standard","meta":{"_et_pb_use_builder":"on","_et_pb_old_content":"","_et_gb_content_width":"","footnotes":""},"categories":[9,2],"tags":[],"class_list":["post-3257","post","type-post","status-publish","format-standard","has-post-thumbnail","hentry","category-general-ca","category-mobiliari"],"_links":{"self":[{"href":"https:\/\/espaisjoves.com\/index.php\/wp-json\/wp\/v2\/posts\/3257","targetHints":{"allow":["GET"]}}],"collection":[{"href":"https:\/\/espaisjoves.com\/index.php\/wp-json\/wp\/v2\/posts"}],"about":[{"href":"https:\/\/espaisjoves.com\/index.php\/wp-json\/wp\/v2\/types\/post"}],"author":[{"embeddable":true,"href":"https:\/\/espaisjoves.com\/index.php\/wp-json\/wp\/v2\/users\/2"}],"replies":[{"embeddable":true,"href":"https:\/\/espaisjoves.com\/index.php\/wp-json\/wp\/v2\/comments?post=3257"}],"version-history":[{"count":5,"href":"https:\/\/espaisjoves.com\/index.php\/wp-json\/wp\/v2\/posts\/3257\/revisions"}],"predecessor-version":[{"id":3268,"href":"https:\/\/espaisjoves.com\/index.php\/wp-json\/wp\/v2\/posts\/3257\/revisions\/3268"}],"wp:featuredmedia":[{"embeddable":true,"href":"https:\/\/espaisjoves.com\/index.php\/wp-json\/wp\/v2\/media\/3265"}],"wp:attachment":[{"href":"https:\/\/espaisjoves.com\/index.php\/wp-json\/wp\/v2\/media?parent=3257"}],"wp:term":[{"taxonomy":"category","embeddable":true,"href":"https:\/\/espaisjoves.com\/index.php\/wp-json\/wp\/v2\/categories?post=3257"},{"taxonomy":"post_tag","embeddable":true,"href":"https:\/\/espaisjoves.com\/index.php\/wp-json\/wp\/v2\/tags?post=3257"}],"curies":[{"name":"wp","href":"https:\/\/api.w.org\/{rel}","templated":true}]}}