{"id":2866,"date":"2021-10-23T09:52:43","date_gmt":"2021-10-23T09:52:43","guid":{"rendered":"https:\/\/espaisjoves.com\/?p=2866"},"modified":"2023-04-20T07:55:52","modified_gmt":"2023-04-20T07:55:52","slug":"on-trend-2","status":"publish","type":"post","link":"https:\/\/espaisjoves.com\/index.php\/es\/2021\/10\/23\/on-trend-2\/","title":{"rendered":"On Trend Kave Home"},"content":{"rendered":"<p>[et_pb_section fb_built=&#8221;1&#8243; _builder_version=&#8221;3.22&#8243;][et_pb_row column_structure=&#8221;1_2,1_2&#8243; _builder_version=&#8221;3.25&#8243; background_size=&#8221;initial&#8221; background_position=&#8221;top_left&#8221; background_repeat=&#8221;repeat&#8221;][et_pb_column type=&#8221;1_2&#8243; _builder_version=&#8221;3.25&#8243; custom_padding=&#8221;|||&#8221; custom_padding__hover=&#8221;|||&#8221;][et_pb_text _builder_version=&#8221;4.9.2&#8243; hover_enabled=&#8221;0&#8243; sticky_enabled=&#8221;0&#8243;]<\/p>\n<p><span>&#8220;On Trend&#8221;, es la nueva colecci\u00f3n de Kave Home de dise\u00f1os sostenibles y tendencia con acabados pastel que ha venido para quedarse. Y, por supuesto, su ant\u00edtesi, el black &amp; white! Una tendencia para todas las estancias de la casta transmitan calma.<\/span><\/p>\n<p><span>\u00bfSab\u00edas que el sof\u00e1 es la pieza principal que debes escoger en funci\u00f3n de tu estilo de vida y que marcar\u00e1 lo qu\u00e9 pongas en el resto de la estancia?<\/span><\/p>\n<p>[\/et_pb_text][et_pb_image src=&#8221;http:\/\/espaisjoves.com\/wp-content\/uploads\/2021\/10\/img-landing-aw21-ontrend-06.original-scaled.jpg&#8221; title_text=&#8221;img-landing-aw21-ontrend-06.original&#8221; align_tablet=&#8221;center&#8221; align_phone=&#8221;&#8221; align_last_edited=&#8221;on|desktop&#8221; _builder_version=&#8221;4.9.2&#8243; animation_style=&#8221;slide&#8221; animation_direction=&#8221;left&#8221; animation_duration=&#8221;500ms&#8221; animation_intensity_slide=&#8221;10%&#8221;][\/et_pb_image][\/et_pb_column][et_pb_column type=&#8221;1_2&#8243; _builder_version=&#8221;3.25&#8243; custom_padding=&#8221;|||&#8221; custom_padding__hover=&#8221;|||&#8221;][et_pb_image src=&#8221;http:\/\/espaisjoves.com\/wp-content\/uploads\/2021\/10\/img-landing-aw21-ontrend-05.original.jpg&#8221; title_text=&#8221;img-landing-aw21-ontrend-05.original&#8221; align_tablet=&#8221;center&#8221; align_phone=&#8221;&#8221; align_last_edited=&#8221;on|desktop&#8221; _builder_version=&#8221;4.9.2&#8243; animation_style=&#8221;slide&#8221; animation_direction=&#8221;left&#8221; animation_duration=&#8221;500ms&#8221; animation_intensity_slide=&#8221;10%&#8221;][\/et_pb_image][et_pb_text _builder_version=&#8221;4.9.2&#8243; background_color=&#8221;RGBA(0,0,0,0)&#8221;]<\/p>\n<p><span>\u00a0El sof\u00e1 Galene es un \u00e9xito asegurado. Lo tenemos de dos, de tres y hasta de cuatro plazas, tanto en chaiselongue como en versi\u00f3n rinconero.<\/span><\/p>\n<div class=\"offset-1 col-10 col-md-4\">\n<div>\n<div class=\"rich-text\">\n<p>El principal truco es el equilibrio de los pesos de los colores, por eso, nuestra colecci\u00f3n combina el sof\u00e1 Galene en beige con las fundas de coj\u00edn de tendencia Elea y Catarina, en tonos oscuros, y tejidos como el algod\u00f3n o el mohair.<\/p>\n<\/div>\n<\/div>\n<\/div>\n<p>&nbsp;<\/p>\n<p>[\/et_pb_text][\/et_pb_column][\/et_pb_row][et_pb_row _builder_version=&#8221;3.25&#8243; background_size=&#8221;initial&#8221; background_position=&#8221;top_left&#8221; background_repeat=&#8221;repeat&#8221;][et_pb_column type=&#8221;4_4&#8243; _builder_version=&#8221;3.25&#8243; custom_padding=&#8221;|||&#8221; custom_padding__hover=&#8221;|||&#8221;][et_pb_gallery gallery_ids=&#8221;2859,2853,2856,2847,2850&#8243; show_title_and_caption=&#8221;off&#8221; show_pagination=&#8221;off&#8221; _builder_version=&#8221;4.9.2&#8243;][\/et_pb_gallery][\/et_pb_column][\/et_pb_row][\/et_pb_section]<\/p>\n","protected":false},"excerpt":{"rendered":"<p>&#8220;On Trend&#8221;, es la nueva colecci\u00f3n de Kave Home de dise\u00f1os sostenibles y tendencia con acabados pastel que ha venido para quedarse. Y, por supuesto, su ant\u00edtesi, el black &amp; white! Una tendencia para todas las estancias de la casta transmitan calma. \u00bfSab\u00edas que el sof\u00e1 es la pieza principal que debes escoger en funci\u00f3n [&hellip;]<\/p>\n","protected":false},"author":2,"featured_media":2851,"comment_status":"closed","ping_status":"closed","sticky":false,"template":"","format":"standard","meta":{"_et_pb_use_builder":"on","_et_pb_old_content":"","_et_gb_content_width":"","footnotes":""},"categories":[117,115],"tags":[],"class_list":["post-2866","post","type-post","status-publish","format-standard","has-post-thumbnail","hentry","category-kave-home-es","category-kave-home-igualada-es"],"_links":{"self":[{"href":"https:\/\/espaisjoves.com\/index.php\/wp-json\/wp\/v2\/posts\/2866","targetHints":{"allow":["GET"]}}],"collection":[{"href":"https:\/\/espaisjoves.com\/index.php\/wp-json\/wp\/v2\/posts"}],"about":[{"href":"https:\/\/espaisjoves.com\/index.php\/wp-json\/wp\/v2\/types\/post"}],"author":[{"embeddable":true,"href":"https:\/\/espaisjoves.com\/index.php\/wp-json\/wp\/v2\/users\/2"}],"replies":[{"embeddable":true,"href":"https:\/\/espaisjoves.com\/index.php\/wp-json\/wp\/v2\/comments?post=2866"}],"version-history":[{"count":6,"href":"https:\/\/espaisjoves.com\/index.php\/wp-json\/wp\/v2\/posts\/2866\/revisions"}],"predecessor-version":[{"id":2877,"href":"https:\/\/espaisjoves.com\/index.php\/wp-json\/wp\/v2\/posts\/2866\/revisions\/2877"}],"wp:featuredmedia":[{"embeddable":true,"href":"https:\/\/espaisjoves.com\/index.php\/wp-json\/wp\/v2\/media\/2851"}],"wp:attachment":[{"href":"https:\/\/espaisjoves.com\/index.php\/wp-json\/wp\/v2\/media?parent=2866"}],"wp:term":[{"taxonomy":"category","embeddable":true,"href":"https:\/\/espaisjoves.com\/index.php\/wp-json\/wp\/v2\/categories?post=2866"},{"taxonomy":"post_tag","embeddable":true,"href":"https:\/\/espaisjoves.com\/index.php\/wp-json\/wp\/v2\/tags?post=2866"}],"curies":[{"name":"wp","href":"https:\/\/api.w.org\/{rel}","templated":true}]}}