{"id":1596,"date":"2020-06-20T14:21:19","date_gmt":"2020-06-20T14:21:19","guid":{"rendered":"http:\/\/espaisjoves.com\/?p=1596"},"modified":"2023-04-20T07:55:52","modified_gmt":"2023-04-20T07:55:52","slug":"1596","status":"publish","type":"post","link":"https:\/\/espaisjoves.com\/index.php\/2020\/06\/20\/1596\/","title":{"rendered":"Mobles de cuina integrats perfectament amb la nostre casa"},"content":{"rendered":"<p>[et_pb_section fb_built=&#8221;1&#8243; _builder_version=&#8221;3.0.47&#8243;][et_pb_row _builder_version=&#8221;3.0.60&#8243; background_size=&#8221;initial&#8221; background_position=&#8221;top_left&#8221; background_repeat=&#8221;repeat&#8221;][et_pb_column type=&#8221;1_2&#8243; _builder_version=&#8221;3.0.47&#8243; parallax=&#8221;off&#8221; parallax_method=&#8221;on&#8221;][et_pb_text _builder_version=&#8221;3.0.60&#8243;]<\/p>\n<p class=\"\">En els nostres \u00faltims projectes de reforma de cuines estem assistint a un canvi important, els nostres clients i nosaltres ens hem donat compte de la import\u00e0ncia de la cuina en els nostres habitatges, tamb\u00e9 volem que les nostres cuines siguin a part de funcionals i pr\u00e0ctiques, molt maques i amb molt disseny .<\/p>\n<p class=\"\">Per exemple un dels projectes m\u00e9s demanats \u00e9s integr\u00e0 la cuina dins el menjador i donant per tant la import\u00e0ncia que aquesta ha de tenir en el nostre habitatge i faciliten la comunicaci\u00f3 entre els dos espais.<\/p>\n<p>&nbsp;<\/p>\n<p>[\/et_pb_text][et_pb_image src=&#8221;http:\/\/espaisjoves.com\/wp-content\/uploads\/2020\/06\/CUINA-ESPAIS-JOVES-NEW-FOREST-TIRADOR-FUSTA-NATURAL-1.jpg&#8221; _builder_version=&#8221;3.0.60&#8243;][\/et_pb_image][\/et_pb_column][et_pb_column type=&#8221;1_2&#8243; _builder_version=&#8221;3.0.47&#8243; parallax=&#8221;off&#8221; parallax_method=&#8221;on&#8221;][et_pb_image src=&#8221;http:\/\/espaisjoves.com\/wp-content\/uploads\/2020\/06\/MOBLE-CUINA-BLANC-AMB-TIRADOR-DE-FUSTA-NATURAL.jpg&#8221; _builder_version=&#8221;3.0.60&#8243;][\/et_pb_image][et_pb_text _builder_version=&#8221;3.0.60&#8243; background_color=&#8221;#dbdbdb&#8221;]<\/p>\n<p>Us presentem com a novetat el mobiliari de cuina New Forest que presentem amb un tirador integrat perfectament amb el moble de cuina i de fusta natural, a m\u00e9s a m\u00e9s dels laminats tipus Fenix anti marques i ratlles.<\/p>\n<p>[\/et_pb_text][\/et_pb_column][\/et_pb_row][et_pb_row _builder_version=&#8221;3.0.47&#8243; background_size=&#8221;initial&#8221; background_position=&#8221;top_left&#8221; background_repeat=&#8221;repeat&#8221;][et_pb_column type=&#8221;4_4&#8243; _builder_version=&#8221;3.0.47&#8243; parallax=&#8221;off&#8221; parallax_method=&#8221;on&#8221;][et_pb_gallery gallery_ids=&#8221;1601,1600,1602,1599&#8243; posts_number=&#8221;4&#8243; show_title_and_caption=&#8221;off&#8221; show_pagination=&#8221;off&#8221; _builder_version=&#8221;3.0.60&#8243;][\/et_pb_gallery][\/et_pb_column][\/et_pb_row][\/et_pb_section]<\/p>\n","protected":false},"excerpt":{"rendered":"<p>En els nostres \u00faltims projectes de reforma de cuines estem assistint a un canvi important, els nostres clients i nosaltres ens hem donat compte de la import\u00e0ncia de la cuina en els nostres habitatges, tamb\u00e9 volem que les nostres cuines siguin a part de funcionals i pr\u00e0ctiques, molt maques i amb molt disseny . Per [&hellip;]<\/p>\n","protected":false},"author":2,"featured_media":1601,"comment_status":"closed","ping_status":"closed","sticky":false,"template":"","format":"standard","meta":{"_et_pb_use_builder":"on","_et_pb_old_content":"","_et_gb_content_width":"","footnotes":""},"categories":[48,67,9],"tags":[],"class_list":["post-1596","post","type-post","status-publish","format-standard","has-post-thumbnail","hentry","category-cuina","category-cuines","category-general-ca"],"_links":{"self":[{"href":"https:\/\/espaisjoves.com\/index.php\/wp-json\/wp\/v2\/posts\/1596","targetHints":{"allow":["GET"]}}],"collection":[{"href":"https:\/\/espaisjoves.com\/index.php\/wp-json\/wp\/v2\/posts"}],"about":[{"href":"https:\/\/espaisjoves.com\/index.php\/wp-json\/wp\/v2\/types\/post"}],"author":[{"embeddable":true,"href":"https:\/\/espaisjoves.com\/index.php\/wp-json\/wp\/v2\/users\/2"}],"replies":[{"embeddable":true,"href":"https:\/\/espaisjoves.com\/index.php\/wp-json\/wp\/v2\/comments?post=1596"}],"version-history":[{"count":5,"href":"https:\/\/espaisjoves.com\/index.php\/wp-json\/wp\/v2\/posts\/1596\/revisions"}],"predecessor-version":[{"id":1613,"href":"https:\/\/espaisjoves.com\/index.php\/wp-json\/wp\/v2\/posts\/1596\/revisions\/1613"}],"wp:featuredmedia":[{"embeddable":true,"href":"https:\/\/espaisjoves.com\/index.php\/wp-json\/wp\/v2\/media\/1601"}],"wp:attachment":[{"href":"https:\/\/espaisjoves.com\/index.php\/wp-json\/wp\/v2\/media?parent=1596"}],"wp:term":[{"taxonomy":"category","embeddable":true,"href":"https:\/\/espaisjoves.com\/index.php\/wp-json\/wp\/v2\/categories?post=1596"},{"taxonomy":"post_tag","embeddable":true,"href":"https:\/\/espaisjoves.com\/index.php\/wp-json\/wp\/v2\/tags?post=1596"}],"curies":[{"name":"wp","href":"https:\/\/api.w.org\/{rel}","templated":true}]}}